{"id":1205,"date":"2022-09-08T09:45:10","date_gmt":"2022-09-08T09:45:10","guid":{"rendered":"https:\/\/finart.art.br\/?p=1205"},"modified":"2022-09-08T14:24:23","modified_gmt":"2022-09-08T14:24:23","slug":"maes-e-filhas-na-arte","status":"publish","type":"post","link":"https:\/\/finart.art.br\/index.php\/2022\/09\/08\/maes-e-filhas-na-arte\/","title":{"rendered":"M\u00e3es e filhas na arte"},"content":{"rendered":"<p>[et_pb_section fb_built=&#8221;1&#8243; admin_label=&#8221;Header&#8221; _builder_version=&#8221;4.18.0&#8243; _module_preset=&#8221;default&#8221; background_color=&#8221;#FFFFFF&#8221; global_colors_info=&#8221;{}&#8221;][et_pb_row _builder_version=&#8221;4.16&#8243; _module_preset=&#8221;default&#8221; global_colors_info=&#8221;{}&#8221;][et_pb_column type=&#8221;4_4&#8243; _builder_version=&#8221;4.16&#8243; _module_preset=&#8221;default&#8221; custom_padding=&#8221;|||&#8221; global_colors_info=&#8221;{}&#8221; custom_padding__hover=&#8221;|||&#8221;][et_pb_text _builder_version=&#8221;4.18.0&#8243; _module_preset=&#8221;default&#8221; text_font=&#8221;Open Sans||||||||&#8221; text_font_size=&#8221;16px&#8221; text_line_height=&#8221;2em&#8221; header_font=&#8221;Playfair Display SC||||||||&#8221; header_font_size=&#8221;50px&#8221; header_line_height=&#8221;1.5em&#8221; header_6_font=&#8221;||||||||&#8221; text_orientation=&#8221;center&#8221; max_width=&#8221;816px&#8221; max_width_last_edited=&#8221;off|desktop&#8221; module_alignment=&#8221;center&#8221; custom_margin=&#8221;|||65px||&#8221; custom_padding=&#8221;|||&#8221; hover_enabled=&#8221;0&#8243; text_font_size_tablet=&#8221;&#8221; text_font_size_phone=&#8221;14px&#8221; text_font_size_last_edited=&#8221;on|desktop&#8221; header_font_size_tablet=&#8221;50px&#8221; header_font_size_phone=&#8221;32px&#8221; header_font_size_last_edited=&#8221;on|phone&#8221; global_colors_info=&#8221;{}&#8221; sticky_enabled=&#8221;0&#8243;]<\/p>\n<p>&nbsp;<\/p>\n<p>&nbsp;<\/p>\n<p>&nbsp;<\/p>\n<p style=\"text-align: left;\"><em>\u201c&#8221;Y es que las mujeres hacemos familia en nuestros oficios tambi\u00e9n, con lealtad y<br \/>compa\u00f1erismo eterno, cada una en su propia imagen y realidad femeninas (&#8230;)&#8221;<\/em><\/p>\n<h6 style=\"text-align: right;\">Carola Trimano em &#8220;Residencia de Arsfactus&#8221;, Revista Finart, 14 mai 2022<\/h6>\n<p>&nbsp;<\/p>\n<p>&nbsp;<\/p>\n<p style=\"text-align: left;\">Uma das palavras que melhor definem o universo feminino \u00e9 o verbo &#8220;compartilhar&#8221;.<\/p>\n<p style=\"text-align: left;\">Compartilhamos nossos corpos ao dar a luz, compartilhamos nosso conhecimento da vida com os nossos filhos, nosso trabalho dentro da fam\u00edlia, nossa solidariedade com a comunidade. E se, algumas vezes, em nossos of\u00edcios, acabamos por criar la\u00e7os de familiaridade, em outras, das rela\u00e7\u00f5es familiares surgem afinidades de of\u00edcio.<\/p>\n<p style=\"text-align: left;\">Nesta edi\u00e7\u00e3o de 2022 da Finart, cujo tema \u00e9 a gravura &#8220;Crian\u00e7as no Vilarejo&#8221;, somos instadas, por um breve segundo, a entrar naquele trem que levou Tarsila e P\u00e9rez Sola &#8220;da capital S\u00e3o Paulo percorrendo os arrabaldes at\u00e9 Carapicu\u00edba&#8221;, para apreender as tonalidades do azul e do rosa caipiras e pensar nos muitos outros momentos de troca, espont\u00e2neos ou n\u00e3o, que viveram outras mulheres, agora m\u00e3es e filhas, que encontraram na arte o seu meio de express\u00e3o e o seu of\u00edcio. P\u00e9rez Sola e Carola Trimano, artistas pl\u00e1sticas; Eddy Tricerri, Christiane e Isadora Tricerri (3\u00ba gera\u00e7\u00e3o), artista pl\u00e1stica, atriz e fot\u00f3grafa, respectivamente; Catharina e Gigi Suleiman, artista visual e escritora\/musicista; Marcia Christina Rigonatto e Mara\u00ed Senkevics, escritora e fot\u00f3grafa\/gravurista; Rosely Nakagawa e Alice Matuck, curadora independente e artista pl\u00e1stica, s\u00e3o algumas dessas mulheres, que citamos como exemplo. Quando perceberam que seus caminhos se cruzavam, para al\u00e9m da rela\u00e7\u00e3o m\u00e3e\/filha? De que maneira definiram suas linguagens pessoais e criaram seus m\u00e9todos de trabalho? Deixaram-se influenciar mutuamente ou encontraram est\u00e9ticas pr\u00f3prias em seus fazeres art\u00edsticos? S\u00e3o perguntas cujas respostas nos permitiriam o entendimento de cada trabalho e talento individual. Em comum, entre elas, sempre a op\u00e7\u00e3o pela arte como forma de express\u00e3o e de relacionamento com a vida.<\/p>\n<h6 style=\"text-align: right;\">Marcia Christina Rigonatto, Setembro\/2022<\/h6>\n<p>&nbsp;<\/p>\n<h3 style=\"text-align: left;\"><em>Exerc\u00edcios de liberdade: Viv\u00eancias urbanas de uma narradora quase po\u00e9tica<\/em><\/h3>\n<h4 style=\"text-align: left;\">Um livro onde duas linguagens se encontram para falar da cidade<\/h4>\n<p style=\"text-align: left;\"><em>&#8220;Quando a Marcia me questionou sobre obter fotografias de S\u00e3o Paulo para o seu livro, eu me encantei com a ideia, mas nem pensei em mim e indiquei amigos com trabalhos incr\u00edveis, de real inspira\u00e7\u00e3o paulistana. J\u00e1 havia feito fotos da cidade, mas esse nunca foi o foco do meu trabalho. Meu mundo, minha cidade, era o de dentro. Tudo partia de uma busca pessoal, do me encontrar, do habitar meu pr\u00f3prio corpo com confian\u00e7a e fazer parte do ambiente que me cercava. Meu trabalho era eu mesma. Acontece que a Marcia \u00e9 tamb\u00e9m a minha m\u00e3e, e m\u00e3e \u00e0s vezes enxerga al\u00e9m. H\u00e1 de fato uma intersec\u00e7\u00e3o entre nossos olhares, pela escrita e pela fotografia. J\u00e1 partilhamos da mesma fam\u00edlia, mesma casa, mesma cidade, <\/em><em>sempre seduzidas pelo desejo de encontrar beleza no cotidiano mais banal. Andando pela cidade e registrando sua arquitetura, ou nos jogos de espelho, no encantamento das roupas antigas e no me descobrir dentro de fragmentos familiares, minha fotografia conta um pouco das hist\u00f3rias desse livro. S\u00e3o vis\u00f5es distintas que se unem lindamente nessa obra.&#8221;<\/em><em><\/em><\/p>\n<h6 style=\"text-align: right;\">Mara\u00ed Senkevics, Abril de 2022<\/h6>\n<p>&nbsp;<\/p>\n<p style=\"text-align: left;\"><img loading=\"lazy\" decoding=\"async\" src=\"https:\/\/finart.art.br\/wp-content\/uploads\/2022\/09\/Marai01-1024x682.jpg\" width=\"1024\" height=\"682\" alt=\"\" class=\"wp-image-1208 alignnone size-large\" srcset=\"https:\/\/finart.art.br\/wp-content\/uploads\/2022\/09\/Marai01-980x653.jpg 980w, https:\/\/finart.art.br\/wp-content\/uploads\/2022\/09\/Marai01-480x320.jpg 480w\" sizes=\"auto, (min-width: 0px) and (max-width: 480px) 480px, (min-width: 481px) and (max-width: 980px) 980px, (min-width: 981px) 1024px, 100vw\" \/><em>Em Exerc\u00edcios de liberdade<\/em>, os trabalhos de Marcia Christina Rigonatto, escritora, e Mara\u00ed Senkevics, fot\u00f3grafa, respectivamente m\u00e3e e filha, encontram-se atrav\u00e9s da literatura e da fotografia, para falarem da cidade que habitam: a de dentro e a de fora. Marcia usa a linguagem da cr\u00f4nica e da poesia para traduzir em palavras paisagens, experi\u00eancias, mem\u00f3rias, a sua impress\u00e3o e entendimento do ambiente urbano. Mara\u00ed concretiza tudo isso em suas fotografias e, emprestando um rosto \u00e0 narradora do livro atrav\u00e9s de seus autorretratos, personifica essa mulher que busca por si mesma e se recria, dia a dia, atrav\u00e9s de sua rela\u00e7\u00e3o com a arte, com a cultura, com o lugar que habita. Caminhar com elas \u00e9 aceitar o convite feito no in\u00edcio do livro e se apropriar de sua pr\u00f3pria cidade \u2013 que pode ser S\u00e3o Paulo, mas tamb\u00e9m qualquer outra do mundo \u2013 com seus recantos e suas hist\u00f3rias, suas personagens, seus mist\u00e9rios e desafios, com sua poesia di\u00e1ria.<\/p>\n<p style=\"text-align: left;\">\n<h6 style=\"text-align: right;\">Marcia Christina Rigonatto, Setembro\/2022<\/h6>\n<p>[\/et_pb_text][\/et_pb_column][\/et_pb_row][\/et_pb_section]<\/p>\n","protected":false},"excerpt":{"rendered":"<p>&nbsp; &nbsp; &nbsp; \u201c&#8221;Y es que las mujeres hacemos familia en nuestros oficios tambi\u00e9n, con lealtad ycompa\u00f1erismo eterno, cada una en su propia imagen y realidad femeninas (&#8230;)&#8221; Carola Trimano em &#8220;Residencia de Arsfactus&#8221;, Revista Finart, 14 mai 2022 &nbsp; &nbsp; Uma das palavras que melhor definem o universo feminino \u00e9 o verbo &#8220;compartilhar&#8221;. Compartilhamos [&hellip;]<\/p>\n","protected":false},"author":4,"featured_media":1209,"comment_status":"open","ping_status":"open","sticky":true,"template":"","format":"standard","meta":{"_et_pb_use_builder":"on","_et_pb_old_content":"","_et_gb_content_width":"","footnotes":""},"categories":[20],"tags":[],"class_list":["post-1205","post","type-post","status-publish","format-standard","has-post-thumbnail","hentry","category-atualidades"],"yoast_head":"<!-- This site is optimized with the Yoast SEO plugin v27.5 - https:\/\/yoast.com\/product\/yoast-seo-wordpress\/ -->\n<title>M\u00e3es e filhas na arte - Finart<\/title>\n<meta name=\"robots\" content=\"index, follow, max-snippet:-1, max-image-preview:large, max-video-preview:-1\" \/>\n<link rel=\"canonical\" href=\"https:\/\/finart.art.br\/index.php\/2022\/09\/08\/maes-e-filhas-na-arte\/\" \/>\n<meta property=\"og:locale\" content=\"pt_BR\" \/>\n<meta property=\"og:type\" content=\"article\" \/>\n<meta property=\"og:title\" content=\"M\u00e3es e filhas na arte - Finart\" \/>\n<meta property=\"og:description\" content=\"&nbsp; &nbsp; &nbsp; \u201c&quot;Y es que las mujeres hacemos familia en nuestros oficios tambi\u00e9n, con lealtad ycompa\u00f1erismo eterno, cada una en su propia imagen y realidad femeninas (...)&quot; Carola Trimano em &quot;Residencia de Arsfactus&quot;, Revista Finart, 14 mai 2022 &nbsp; &nbsp; Uma das palavras que melhor definem o universo feminino \u00e9 o verbo &quot;compartilhar&quot;. Compartilhamos [&hellip;]\" \/>\n<meta property=\"og:url\" content=\"https:\/\/finart.art.br\/index.php\/2022\/09\/08\/maes-e-filhas-na-arte\/\" \/>\n<meta property=\"og:site_name\" content=\"Finart\" \/>\n<meta property=\"article:publisher\" content=\"https:\/\/www.facebook.com\/festivalartesgraficas\" \/>\n<meta property=\"article:published_time\" content=\"2022-09-08T09:45:10+00:00\" \/>\n<meta property=\"article:modified_time\" content=\"2022-09-08T14:24:23+00:00\" \/>\n<meta property=\"og:image\" content=\"https:\/\/finart.art.br\/wp-content\/uploads\/2022\/09\/Marai02.jpg\" \/>\n\t<meta property=\"og:image:width\" content=\"1600\" \/>\n\t<meta property=\"og:image:height\" content=\"1066\" \/>\n\t<meta property=\"og:image:type\" content=\"image\/jpeg\" \/>\n<meta name=\"author\" content=\"Carola Trimano\" \/>\n<meta name=\"twitter:card\" content=\"summary_large_image\" \/>\n<meta name=\"twitter:label1\" content=\"Escrito por\" \/>\n\t<meta name=\"twitter:data1\" content=\"Carola Trimano\" \/>\n\t<meta name=\"twitter:label2\" content=\"Est. tempo de leitura\" \/>\n\t<meta name=\"twitter:data2\" content=\"5 minutos\" \/>\n<script type=\"application\/ld+json\" class=\"yoast-schema-graph\">{\"@context\":\"https:\\\/\\\/schema.org\",\"@graph\":[{\"@type\":\"Article\",\"@id\":\"https:\\\/\\\/finart.art.br\\\/index.php\\\/2022\\\/09\\\/08\\\/maes-e-filhas-na-arte\\\/#article\",\"isPartOf\":{\"@id\":\"https:\\\/\\\/finart.art.br\\\/index.php\\\/2022\\\/09\\\/08\\\/maes-e-filhas-na-arte\\\/\"},\"author\":{\"name\":\"Carola Trimano\",\"@id\":\"https:\\\/\\\/finart.art.br\\\/#\\\/schema\\\/person\\\/e25d846df6227f0c5eed5ae0b29a7531\"},\"headline\":\"M\u00e3es e filhas na arte\",\"datePublished\":\"2022-09-08T09:45:10+00:00\",\"dateModified\":\"2022-09-08T14:24:23+00:00\",\"mainEntityOfPage\":{\"@id\":\"https:\\\/\\\/finart.art.br\\\/index.php\\\/2022\\\/09\\\/08\\\/maes-e-filhas-na-arte\\\/\"},\"wordCount\":902,\"commentCount\":0,\"publisher\":{\"@id\":\"https:\\\/\\\/finart.art.br\\\/#organization\"},\"image\":{\"@id\":\"https:\\\/\\\/finart.art.br\\\/index.php\\\/2022\\\/09\\\/08\\\/maes-e-filhas-na-arte\\\/#primaryimage\"},\"thumbnailUrl\":\"https:\\\/\\\/finart.art.br\\\/wp-content\\\/uploads\\\/2022\\\/09\\\/Marai02.jpg\",\"articleSection\":[\"Atualidades\"],\"inLanguage\":\"pt-BR\",\"potentialAction\":[{\"@type\":\"CommentAction\",\"name\":\"Comment\",\"target\":[\"https:\\\/\\\/finart.art.br\\\/index.php\\\/2022\\\/09\\\/08\\\/maes-e-filhas-na-arte\\\/#respond\"]}]},{\"@type\":\"WebPage\",\"@id\":\"https:\\\/\\\/finart.art.br\\\/index.php\\\/2022\\\/09\\\/08\\\/maes-e-filhas-na-arte\\\/\",\"url\":\"https:\\\/\\\/finart.art.br\\\/index.php\\\/2022\\\/09\\\/08\\\/maes-e-filhas-na-arte\\\/\",\"name\":\"M\u00e3es e filhas na arte - Finart\",\"isPartOf\":{\"@id\":\"https:\\\/\\\/finart.art.br\\\/#website\"},\"primaryImageOfPage\":{\"@id\":\"https:\\\/\\\/finart.art.br\\\/index.php\\\/2022\\\/09\\\/08\\\/maes-e-filhas-na-arte\\\/#primaryimage\"},\"image\":{\"@id\":\"https:\\\/\\\/finart.art.br\\\/index.php\\\/2022\\\/09\\\/08\\\/maes-e-filhas-na-arte\\\/#primaryimage\"},\"thumbnailUrl\":\"https:\\\/\\\/finart.art.br\\\/wp-content\\\/uploads\\\/2022\\\/09\\\/Marai02.jpg\",\"datePublished\":\"2022-09-08T09:45:10+00:00\",\"dateModified\":\"2022-09-08T14:24:23+00:00\",\"breadcrumb\":{\"@id\":\"https:\\\/\\\/finart.art.br\\\/index.php\\\/2022\\\/09\\\/08\\\/maes-e-filhas-na-arte\\\/#breadcrumb\"},\"inLanguage\":\"pt-BR\",\"potentialAction\":[{\"@type\":\"ReadAction\",\"target\":[\"https:\\\/\\\/finart.art.br\\\/index.php\\\/2022\\\/09\\\/08\\\/maes-e-filhas-na-arte\\\/\"]}]},{\"@type\":\"ImageObject\",\"inLanguage\":\"pt-BR\",\"@id\":\"https:\\\/\\\/finart.art.br\\\/index.php\\\/2022\\\/09\\\/08\\\/maes-e-filhas-na-arte\\\/#primaryimage\",\"url\":\"https:\\\/\\\/finart.art.br\\\/wp-content\\\/uploads\\\/2022\\\/09\\\/Marai02.jpg\",\"contentUrl\":\"https:\\\/\\\/finart.art.br\\\/wp-content\\\/uploads\\\/2022\\\/09\\\/Marai02.jpg\",\"width\":1600,\"height\":1066},{\"@type\":\"BreadcrumbList\",\"@id\":\"https:\\\/\\\/finart.art.br\\\/index.php\\\/2022\\\/09\\\/08\\\/maes-e-filhas-na-arte\\\/#breadcrumb\",\"itemListElement\":[{\"@type\":\"ListItem\",\"position\":1,\"name\":\"In\u00edcio\",\"item\":\"https:\\\/\\\/finart.art.br\\\/\"},{\"@type\":\"ListItem\",\"position\":2,\"name\":\"M\u00e3es e filhas na arte\"}]},{\"@type\":\"WebSite\",\"@id\":\"https:\\\/\\\/finart.art.br\\\/#website\",\"url\":\"https:\\\/\\\/finart.art.br\\\/\",\"name\":\"Finart\",\"description\":\"Festival Internacional de Arte\",\"publisher\":{\"@id\":\"https:\\\/\\\/finart.art.br\\\/#organization\"},\"potentialAction\":[{\"@type\":\"SearchAction\",\"target\":{\"@type\":\"EntryPoint\",\"urlTemplate\":\"https:\\\/\\\/finart.art.br\\\/?s={search_term_string}\"},\"query-input\":{\"@type\":\"PropertyValueSpecification\",\"valueRequired\":true,\"valueName\":\"search_term_string\"}}],\"inLanguage\":\"pt-BR\"},{\"@type\":\"Organization\",\"@id\":\"https:\\\/\\\/finart.art.br\\\/#organization\",\"name\":\"Finart\",\"url\":\"https:\\\/\\\/finart.art.br\\\/\",\"logo\":{\"@type\":\"ImageObject\",\"inLanguage\":\"pt-BR\",\"@id\":\"https:\\\/\\\/finart.art.br\\\/#\\\/schema\\\/logo\\\/image\\\/\",\"url\":\"https:\\\/\\\/finart.art.br\\\/wp-content\\\/uploads\\\/2022\\\/09\\\/logo.png\",\"contentUrl\":\"https:\\\/\\\/finart.art.br\\\/wp-content\\\/uploads\\\/2022\\\/09\\\/logo.png\",\"width\":620,\"height\":344,\"caption\":\"Finart\"},\"image\":{\"@id\":\"https:\\\/\\\/finart.art.br\\\/#\\\/schema\\\/logo\\\/image\\\/\"},\"sameAs\":[\"https:\\\/\\\/www.facebook.com\\\/festivalartesgraficas\",\"https:\\\/\\\/www.instagram.com\\\/festivalinternacionaldearte\\\/\"]},{\"@type\":\"Person\",\"@id\":\"https:\\\/\\\/finart.art.br\\\/#\\\/schema\\\/person\\\/e25d846df6227f0c5eed5ae0b29a7531\",\"name\":\"Carola Trimano\",\"image\":{\"@type\":\"ImageObject\",\"inLanguage\":\"pt-BR\",\"@id\":\"https:\\\/\\\/secure.gravatar.com\\\/avatar\\\/4eca0e02a8761f75e9fd6eb7e418bfc2742023b865b9c2ac615beef7895a9bc1?s=96&d=mm&r=g\",\"url\":\"https:\\\/\\\/secure.gravatar.com\\\/avatar\\\/4eca0e02a8761f75e9fd6eb7e418bfc2742023b865b9c2ac615beef7895a9bc1?s=96&d=mm&r=g\",\"contentUrl\":\"https:\\\/\\\/secure.gravatar.com\\\/avatar\\\/4eca0e02a8761f75e9fd6eb7e418bfc2742023b865b9c2ac615beef7895a9bc1?s=96&d=mm&r=g\",\"caption\":\"Carola Trimano\"},\"url\":\"https:\\\/\\\/finart.art.br\\\/index.php\\\/author\\\/curadoriafinart-art-br\\\/\"}]}<\/script>\n<!-- \/ Yoast SEO plugin. -->","yoast_head_json":{"title":"M\u00e3es e filhas na arte - Finart","robots":{"index":"index","follow":"follow","max-snippet":"max-snippet:-1","max-image-preview":"max-image-preview:large","max-video-preview":"max-video-preview:-1"},"canonical":"https:\/\/finart.art.br\/index.php\/2022\/09\/08\/maes-e-filhas-na-arte\/","og_locale":"pt_BR","og_type":"article","og_title":"M\u00e3es e filhas na arte - Finart","og_description":"&nbsp; &nbsp; &nbsp; \u201c\"Y es que las mujeres hacemos familia en nuestros oficios tambi\u00e9n, con lealtad ycompa\u00f1erismo eterno, cada una en su propia imagen y realidad femeninas (...)\" Carola Trimano em \"Residencia de Arsfactus\", Revista Finart, 14 mai 2022 &nbsp; &nbsp; Uma das palavras que melhor definem o universo feminino \u00e9 o verbo \"compartilhar\". Compartilhamos [&hellip;]","og_url":"https:\/\/finart.art.br\/index.php\/2022\/09\/08\/maes-e-filhas-na-arte\/","og_site_name":"Finart","article_publisher":"https:\/\/www.facebook.com\/festivalartesgraficas","article_published_time":"2022-09-08T09:45:10+00:00","article_modified_time":"2022-09-08T14:24:23+00:00","og_image":[{"width":1600,"height":1066,"url":"https:\/\/finart.art.br\/wp-content\/uploads\/2022\/09\/Marai02.jpg","type":"image\/jpeg"}],"author":"Carola Trimano","twitter_card":"summary_large_image","twitter_misc":{"Escrito por":"Carola Trimano","Est. tempo de leitura":"5 minutos"},"schema":{"@context":"https:\/\/schema.org","@graph":[{"@type":"Article","@id":"https:\/\/finart.art.br\/index.php\/2022\/09\/08\/maes-e-filhas-na-arte\/#article","isPartOf":{"@id":"https:\/\/finart.art.br\/index.php\/2022\/09\/08\/maes-e-filhas-na-arte\/"},"author":{"name":"Carola Trimano","@id":"https:\/\/finart.art.br\/#\/schema\/person\/e25d846df6227f0c5eed5ae0b29a7531"},"headline":"M\u00e3es e filhas na arte","datePublished":"2022-09-08T09:45:10+00:00","dateModified":"2022-09-08T14:24:23+00:00","mainEntityOfPage":{"@id":"https:\/\/finart.art.br\/index.php\/2022\/09\/08\/maes-e-filhas-na-arte\/"},"wordCount":902,"commentCount":0,"publisher":{"@id":"https:\/\/finart.art.br\/#organization"},"image":{"@id":"https:\/\/finart.art.br\/index.php\/2022\/09\/08\/maes-e-filhas-na-arte\/#primaryimage"},"thumbnailUrl":"https:\/\/finart.art.br\/wp-content\/uploads\/2022\/09\/Marai02.jpg","articleSection":["Atualidades"],"inLanguage":"pt-BR","potentialAction":[{"@type":"CommentAction","name":"Comment","target":["https:\/\/finart.art.br\/index.php\/2022\/09\/08\/maes-e-filhas-na-arte\/#respond"]}]},{"@type":"WebPage","@id":"https:\/\/finart.art.br\/index.php\/2022\/09\/08\/maes-e-filhas-na-arte\/","url":"https:\/\/finart.art.br\/index.php\/2022\/09\/08\/maes-e-filhas-na-arte\/","name":"M\u00e3es e filhas na arte - Finart","isPartOf":{"@id":"https:\/\/finart.art.br\/#website"},"primaryImageOfPage":{"@id":"https:\/\/finart.art.br\/index.php\/2022\/09\/08\/maes-e-filhas-na-arte\/#primaryimage"},"image":{"@id":"https:\/\/finart.art.br\/index.php\/2022\/09\/08\/maes-e-filhas-na-arte\/#primaryimage"},"thumbnailUrl":"https:\/\/finart.art.br\/wp-content\/uploads\/2022\/09\/Marai02.jpg","datePublished":"2022-09-08T09:45:10+00:00","dateModified":"2022-09-08T14:24:23+00:00","breadcrumb":{"@id":"https:\/\/finart.art.br\/index.php\/2022\/09\/08\/maes-e-filhas-na-arte\/#breadcrumb"},"inLanguage":"pt-BR","potentialAction":[{"@type":"ReadAction","target":["https:\/\/finart.art.br\/index.php\/2022\/09\/08\/maes-e-filhas-na-arte\/"]}]},{"@type":"ImageObject","inLanguage":"pt-BR","@id":"https:\/\/finart.art.br\/index.php\/2022\/09\/08\/maes-e-filhas-na-arte\/#primaryimage","url":"https:\/\/finart.art.br\/wp-content\/uploads\/2022\/09\/Marai02.jpg","contentUrl":"https:\/\/finart.art.br\/wp-content\/uploads\/2022\/09\/Marai02.jpg","width":1600,"height":1066},{"@type":"BreadcrumbList","@id":"https:\/\/finart.art.br\/index.php\/2022\/09\/08\/maes-e-filhas-na-arte\/#breadcrumb","itemListElement":[{"@type":"ListItem","position":1,"name":"In\u00edcio","item":"https:\/\/finart.art.br\/"},{"@type":"ListItem","position":2,"name":"M\u00e3es e filhas na arte"}]},{"@type":"WebSite","@id":"https:\/\/finart.art.br\/#website","url":"https:\/\/finart.art.br\/","name":"Finart","description":"Festival Internacional de Arte","publisher":{"@id":"https:\/\/finart.art.br\/#organization"},"potentialAction":[{"@type":"SearchAction","target":{"@type":"EntryPoint","urlTemplate":"https:\/\/finart.art.br\/?s={search_term_string}"},"query-input":{"@type":"PropertyValueSpecification","valueRequired":true,"valueName":"search_term_string"}}],"inLanguage":"pt-BR"},{"@type":"Organization","@id":"https:\/\/finart.art.br\/#organization","name":"Finart","url":"https:\/\/finart.art.br\/","logo":{"@type":"ImageObject","inLanguage":"pt-BR","@id":"https:\/\/finart.art.br\/#\/schema\/logo\/image\/","url":"https:\/\/finart.art.br\/wp-content\/uploads\/2022\/09\/logo.png","contentUrl":"https:\/\/finart.art.br\/wp-content\/uploads\/2022\/09\/logo.png","width":620,"height":344,"caption":"Finart"},"image":{"@id":"https:\/\/finart.art.br\/#\/schema\/logo\/image\/"},"sameAs":["https:\/\/www.facebook.com\/festivalartesgraficas","https:\/\/www.instagram.com\/festivalinternacionaldearte\/"]},{"@type":"Person","@id":"https:\/\/finart.art.br\/#\/schema\/person\/e25d846df6227f0c5eed5ae0b29a7531","name":"Carola Trimano","image":{"@type":"ImageObject","inLanguage":"pt-BR","@id":"https:\/\/secure.gravatar.com\/avatar\/4eca0e02a8761f75e9fd6eb7e418bfc2742023b865b9c2ac615beef7895a9bc1?s=96&d=mm&r=g","url":"https:\/\/secure.gravatar.com\/avatar\/4eca0e02a8761f75e9fd6eb7e418bfc2742023b865b9c2ac615beef7895a9bc1?s=96&d=mm&r=g","contentUrl":"https:\/\/secure.gravatar.com\/avatar\/4eca0e02a8761f75e9fd6eb7e418bfc2742023b865b9c2ac615beef7895a9bc1?s=96&d=mm&r=g","caption":"Carola Trimano"},"url":"https:\/\/finart.art.br\/index.php\/author\/curadoriafinart-art-br\/"}]}},"_links":{"self":[{"href":"https:\/\/finart.art.br\/index.php\/wp-json\/wp\/v2\/posts\/1205","targetHints":{"allow":["GET"]}}],"collection":[{"href":"https:\/\/finart.art.br\/index.php\/wp-json\/wp\/v2\/posts"}],"about":[{"href":"https:\/\/finart.art.br\/index.php\/wp-json\/wp\/v2\/types\/post"}],"author":[{"embeddable":true,"href":"https:\/\/finart.art.br\/index.php\/wp-json\/wp\/v2\/users\/4"}],"replies":[{"embeddable":true,"href":"https:\/\/finart.art.br\/index.php\/wp-json\/wp\/v2\/comments?post=1205"}],"version-history":[{"count":12,"href":"https:\/\/finart.art.br\/index.php\/wp-json\/wp\/v2\/posts\/1205\/revisions"}],"predecessor-version":[{"id":1233,"href":"https:\/\/finart.art.br\/index.php\/wp-json\/wp\/v2\/posts\/1205\/revisions\/1233"}],"wp:featuredmedia":[{"embeddable":true,"href":"https:\/\/finart.art.br\/index.php\/wp-json\/wp\/v2\/media\/1209"}],"wp:attachment":[{"href":"https:\/\/finart.art.br\/index.php\/wp-json\/wp\/v2\/media?parent=1205"}],"wp:term":[{"taxonomy":"category","embeddable":true,"href":"https:\/\/finart.art.br\/index.php\/wp-json\/wp\/v2\/categories?post=1205"},{"taxonomy":"post_tag","embeddable":true,"href":"https:\/\/finart.art.br\/index.php\/wp-json\/wp\/v2\/tags?post=1205"}],"curies":[{"name":"wp","href":"https:\/\/api.w.org\/{rel}","templated":true}]}}