{"id":942,"date":"2022-08-29T03:51:58","date_gmt":"2022-08-29T03:51:58","guid":{"rendered":"https:\/\/finart.art.br\/?p=942"},"modified":"2022-09-08T10:47:24","modified_gmt":"2022-09-08T10:47:24","slug":"uma-viagem-no-trem-caipira-de-tarsila-do-amaral","status":"publish","type":"post","link":"https:\/\/finart.art.br\/index.php\/2022\/08\/29\/uma-viagem-no-trem-caipira-de-tarsila-do-amaral\/","title":{"rendered":"Uma viagem no trem caipira de Tarsila do Amaral"},"content":{"rendered":"<p>[et_pb_section fb_built=&#8221;1&#8243; admin_label=&#8221;Header&#8221; _builder_version=&#8221;4.18.0&#8243; _module_preset=&#8221;default&#8221; background_color=&#8221;#FFFFFF&#8221; global_colors_info=&#8221;{}&#8221;][et_pb_row _builder_version=&#8221;4.16&#8243; _module_preset=&#8221;default&#8221; global_colors_info=&#8221;{}&#8221;][et_pb_column type=&#8221;4_4&#8243; _builder_version=&#8221;4.16&#8243; _module_preset=&#8221;default&#8221; custom_padding=&#8221;|||&#8221; global_colors_info=&#8221;{}&#8221; custom_padding__hover=&#8221;|||&#8221;][et_pb_text _builder_version=&#8221;4.18.0&#8243; _module_preset=&#8221;default&#8221; text_font=&#8221;Open Sans||||||||&#8221; text_font_size=&#8221;16px&#8221; text_line_height=&#8221;2em&#8221; header_font=&#8221;Playfair Display SC||||||||&#8221; header_font_size=&#8221;50px&#8221; header_line_height=&#8221;1.5em&#8221; header_6_font=&#8221;||||||||&#8221; text_orientation=&#8221;center&#8221; max_width=&#8221;816px&#8221; max_width_last_edited=&#8221;off|desktop&#8221; module_alignment=&#8221;center&#8221; custom_margin=&#8221;|||65px||&#8221; custom_padding=&#8221;|||&#8221; text_font_size_tablet=&#8221;&#8221; text_font_size_phone=&#8221;14px&#8221; text_font_size_last_edited=&#8221;on|desktop&#8221; header_font_size_tablet=&#8221;50px&#8221; header_font_size_phone=&#8221;32px&#8221; header_font_size_last_edited=&#8221;on|phone&#8221; global_colors_info=&#8221;{}&#8221;]<\/p>\n<p>&nbsp;<\/p>\n<p style=\"text-align: left;\"><em>\u201cTarsila \u00e9 um dos temperamentos mais fortes que os modernos revelaram pro Brasil(&#8230;)o que faz mesmo aquela brasileirice imanente nos quadros dela \u00e9 a pr\u00f3pria realidade pl\u00e1stica: um certo e muito bem aproveitado caipirismo de forma e de cor(&#8230;)\u201d<\/em><\/p>\n<h6 style=\"text-align: right;\">M\u00e1rio de Andrade para a coluna \u201cArte\u201d do Di\u00e1rio Nacional, S\u00e3o Paulo, 21 dez 1927.<\/h6>\n<p>&nbsp;<\/p>\n<p>&nbsp;<\/p>\n<p style=\"text-align: left;\"><em>\u201cTarsila do Amaral me ensinou o que era Brasil e o que era Am\u00e9rica Latina\u201d<\/em><\/p>\n<h6 style=\"text-align: right;\">Maria P\u00e9rez Sola<\/h6>\n<p style=\"text-align: left;\">\n<p style=\"text-align: left;\">\n<p style=\"text-align: left;\">\n<p style=\"text-align: left;\">Na d\u00e9cada de 70, a impressora art\u00edstica Maria P\u00e9rez Sola conheceu a artista pl\u00e1stica Tarsila do Amaral, em S\u00e3o Paulo. A proximidade se deu, como bem conta P\u00e9rez Sola neste v\u00eddeo de sete minutos, a partir das atividades do Clube da Gravura, que naquele ano convidou Tarsila do Amaral a produzir uma gravura para cart\u00e3o a ser enviado de presentes aos colecionadores associados do N\u00facleo de Gravadores de S\u00e3o Paulo &#8211; NUGRASP. Dessa parceria foram produzidos dois cart\u00f5es para dois anos consecutivos, uma vers\u00e3o em rosa e outra em azul. O registro precioso de P\u00e9rez Sola confirma aquilo que em 1927 M\u00e1rio de Andrade declarou sobre a obra de Tarsila: um dos temperamentos mais fortes que os modernos revelaram pro Brasil. No v\u00eddeo, PS conta como TA ensinou-a a chegar \u00e0 produ\u00e7\u00e3o do azul e do rosa caipira: por meio de uma viagem de trem pelo interior, saindo da capital S\u00e3o Paulo percorrendo os arrabaldes at\u00e9 Carapicu\u00edba. Realmente uma hist\u00f3ria surpreendente e t\u00edpica de quem mostraria o Brasil em formas e cores. Desse encontro, surgiu o trabalho Crian\u00e7as no Vilarejo*, gravura que ser\u00e1 o tema da sexta edi\u00e7\u00e3o do FINART, a ser realizado de 04 de outubro a 11 de novembro de 2022. Assim como \u201cPessoas Brincando\u201d, criada no mesmo per\u00edodo, \u201cCrian\u00e7as no Vilarejo\u201d mostra a vis\u00e3o, a vista de uma cena do cotidiano caipira, aquilo que P\u00e9rez Sola conta em seu trajeto no trem: crian\u00e7as,<br \/>mulheres, cachorros, cajueiros, casas, o azul e o rosa caipira do Brasil.<\/p>\n<p style=\"text-align: left;\"><img loading=\"lazy\" decoding=\"async\" src=\"https:\/\/finart.art.br\/wp-content\/uploads\/2022\/08\/Post2Imagem2-439x1024.png\" width=\"439\" height=\"1024\" alt=\"\" class=\"wp-image-946 alignnone size-large\" \/><\/p>\n<p style=\"text-align: left;\">Apesar de n\u00e3o ter participado da Semana de Arte Moderna de 1922, Tarsila, ap\u00f3s uma turn\u00ea de cursos em arte com os grandes mestres na Europa, digere os conhecimentos adquiridos e incorpora o movimento antropof\u00e1gico criando uma arte particular e genuinamente brasileira. M\u00e1rio de Andrade temia as influ\u00eancias estrangeiras sobre a obra de Tarsila, como bem alerta em carta***: \u201cCreio que n\u00e3o cair\u00e1s no cubismo. Aproveita deste apenas os ensinamentos. Equil\u00edbrio, Constru\u00e7\u00e3o, Sobriedade. Cuidado com o abstrato. A pintura tem campo pr\u00f3prio. N\u00e3o gosto dos vizinhos que fazem incurs\u00f5es pelas searas alheias.\u201d Tarsila retornou ao Brasil e com Oswald de Andrade funda o Movimento Antropof\u00e1gico que prop\u00f5e a \u201cdevora\u00e7\u00e3o cultural das t\u00e9cnicas importadas\u201d. Esse movimento passa a exercer grande influ\u00eancia em v\u00e1rios momentos da hist\u00f3ria cultural do Brasil, por exemplo, a Tropic\u00e1lia.<\/p>\n<p style=\"text-align: left;\"><img loading=\"lazy\" decoding=\"async\" src=\"https:\/\/finart.art.br\/wp-content\/uploads\/2022\/08\/Post2Imagem3-1024x895.png\" width=\"1024\" height=\"895\" alt=\"\" class=\"wp-image-945 alignnone size-large\" srcset=\"https:\/\/finart.art.br\/wp-content\/uploads\/2022\/08\/Post2Imagem3-980x857.png 980w, https:\/\/finart.art.br\/wp-content\/uploads\/2022\/08\/Post2Imagem3-480x420.png 480w\" sizes=\"auto, (min-width: 0px) and (max-width: 480px) 480px, (min-width: 481px) and (max-width: 980px) 980px, (min-width: 981px) 1024px, 100vw\" \/><img loading=\"lazy\" decoding=\"async\" src=\"https:\/\/finart.art.br\/wp-content\/uploads\/2022\/08\/Post2Imagem4-1024x959.png\" width=\"1024\" height=\"959\" alt=\"\" class=\"wp-image-944 alignnone size-large\" srcset=\"https:\/\/finart.art.br\/wp-content\/uploads\/2022\/08\/Post2Imagem4-980x918.png 980w, https:\/\/finart.art.br\/wp-content\/uploads\/2022\/08\/Post2Imagem4-480x449.png 480w\" sizes=\"auto, (min-width: 0px) and (max-width: 480px) 480px, (min-width: 481px) and (max-width: 980px) 980px, (min-width: 981px) 1024px, 100vw\" \/><\/p>\n<h6 style=\"text-align: left;\">* Ficha t\u00e9cnica Cart\u00e3o Crian\u00e7as em rosa e Cart\u00e3o Crian\u00e7as em azul &#8211; Ano 1970\/72 -Gravura em metal, dimens\u00f5es da matriz: 9,5 x 10,5cm.<br \/>**Pessoas brincando &#8211; Gravura em metal P.A. &#8211; 35x50cm &#8211; Acid 1970<br \/>*** Carta de M\u00e1rio de Andrade para Tarsila do Amaral &#8211; 16 de junho de 1923<\/h6>\n<p>[\/et_pb_text][\/et_pb_column][\/et_pb_row][\/et_pb_section]<\/p>\n","protected":false},"excerpt":{"rendered":"<p>&nbsp; \u201cTarsila \u00e9 um dos temperamentos mais fortes que os modernos revelaram pro Brasil(&#8230;)o que faz mesmo aquela brasileirice imanente nos quadros dela \u00e9 a pr\u00f3pria realidade pl\u00e1stica: um certo e muito bem aproveitado caipirismo de forma e de cor(&#8230;)\u201d M\u00e1rio de Andrade para a coluna \u201cArte\u201d do Di\u00e1rio Nacional, S\u00e3o Paulo, 21 dez 1927. [&hellip;]<\/p>\n","protected":false},"author":4,"featured_media":943,"comment_status":"open","ping_status":"open","sticky":false,"template":"","format":"standard","meta":{"_et_pb_use_builder":"on","_et_pb_old_content":"","_et_gb_content_width":"","footnotes":""},"categories":[20],"tags":[],"class_list":["post-942","post","type-post","status-publish","format-standard","has-post-thumbnail","hentry","category-atualidades"],"yoast_head":"<!-- This site is optimized with the Yoast SEO plugin v27.5 - https:\/\/yoast.com\/product\/yoast-seo-wordpress\/ -->\n<title>Uma viagem no trem caipira de Tarsila do Amaral - Finart<\/title>\n<meta name=\"robots\" content=\"index, follow, max-snippet:-1, max-image-preview:large, max-video-preview:-1\" \/>\n<link rel=\"canonical\" href=\"https:\/\/finart.art.br\/index.php\/2022\/08\/29\/uma-viagem-no-trem-caipira-de-tarsila-do-amaral\/\" \/>\n<meta property=\"og:locale\" content=\"pt_BR\" \/>\n<meta property=\"og:type\" content=\"article\" \/>\n<meta property=\"og:title\" content=\"Uma viagem no trem caipira de Tarsila do Amaral - Finart\" \/>\n<meta property=\"og:description\" content=\"&nbsp; \u201cTarsila \u00e9 um dos temperamentos mais fortes que os modernos revelaram pro Brasil(...)o que faz mesmo aquela brasileirice imanente nos quadros dela \u00e9 a pr\u00f3pria realidade pl\u00e1stica: um certo e muito bem aproveitado caipirismo de forma e de cor(...)\u201d M\u00e1rio de Andrade para a coluna \u201cArte\u201d do Di\u00e1rio Nacional, S\u00e3o Paulo, 21 dez 1927. [&hellip;]\" \/>\n<meta property=\"og:url\" content=\"https:\/\/finart.art.br\/index.php\/2022\/08\/29\/uma-viagem-no-trem-caipira-de-tarsila-do-amaral\/\" \/>\n<meta property=\"og:site_name\" content=\"Finart\" \/>\n<meta property=\"article:publisher\" content=\"https:\/\/www.facebook.com\/festivalartesgraficas\" \/>\n<meta property=\"article:published_time\" content=\"2022-08-29T03:51:58+00:00\" \/>\n<meta property=\"article:modified_time\" content=\"2022-09-08T10:47:24+00:00\" \/>\n<meta property=\"og:image\" content=\"https:\/\/finart.art.br\/wp-content\/uploads\/2022\/08\/Post2Imagem1.png\" \/>\n\t<meta property=\"og:image:width\" content=\"1367\" \/>\n\t<meta property=\"og:image:height\" content=\"1313\" \/>\n\t<meta property=\"og:image:type\" content=\"image\/png\" \/>\n<meta name=\"author\" content=\"Carola Trimano\" \/>\n<meta name=\"twitter:card\" content=\"summary_large_image\" \/>\n<meta name=\"twitter:label1\" content=\"Escrito por\" \/>\n\t<meta name=\"twitter:data1\" content=\"Carola Trimano\" \/>\n\t<meta name=\"twitter:label2\" content=\"Est. tempo de leitura\" \/>\n\t<meta name=\"twitter:data2\" content=\"4 minutos\" \/>\n<script type=\"application\/ld+json\" class=\"yoast-schema-graph\">{\"@context\":\"https:\\\/\\\/schema.org\",\"@graph\":[{\"@type\":\"Article\",\"@id\":\"https:\\\/\\\/finart.art.br\\\/index.php\\\/2022\\\/08\\\/29\\\/uma-viagem-no-trem-caipira-de-tarsila-do-amaral\\\/#article\",\"isPartOf\":{\"@id\":\"https:\\\/\\\/finart.art.br\\\/index.php\\\/2022\\\/08\\\/29\\\/uma-viagem-no-trem-caipira-de-tarsila-do-amaral\\\/\"},\"author\":{\"name\":\"Carola Trimano\",\"@id\":\"https:\\\/\\\/finart.art.br\\\/#\\\/schema\\\/person\\\/e25d846df6227f0c5eed5ae0b29a7531\"},\"headline\":\"Uma viagem no trem caipira de Tarsila do Amaral\",\"datePublished\":\"2022-08-29T03:51:58+00:00\",\"dateModified\":\"2022-09-08T10:47:24+00:00\",\"mainEntityOfPage\":{\"@id\":\"https:\\\/\\\/finart.art.br\\\/index.php\\\/2022\\\/08\\\/29\\\/uma-viagem-no-trem-caipira-de-tarsila-do-amaral\\\/\"},\"wordCount\":712,\"commentCount\":0,\"publisher\":{\"@id\":\"https:\\\/\\\/finart.art.br\\\/#organization\"},\"image\":{\"@id\":\"https:\\\/\\\/finart.art.br\\\/index.php\\\/2022\\\/08\\\/29\\\/uma-viagem-no-trem-caipira-de-tarsila-do-amaral\\\/#primaryimage\"},\"thumbnailUrl\":\"https:\\\/\\\/finart.art.br\\\/wp-content\\\/uploads\\\/2022\\\/08\\\/Post2Imagem1.png\",\"articleSection\":[\"Atualidades\"],\"inLanguage\":\"pt-BR\",\"potentialAction\":[{\"@type\":\"CommentAction\",\"name\":\"Comment\",\"target\":[\"https:\\\/\\\/finart.art.br\\\/index.php\\\/2022\\\/08\\\/29\\\/uma-viagem-no-trem-caipira-de-tarsila-do-amaral\\\/#respond\"]}]},{\"@type\":\"WebPage\",\"@id\":\"https:\\\/\\\/finart.art.br\\\/index.php\\\/2022\\\/08\\\/29\\\/uma-viagem-no-trem-caipira-de-tarsila-do-amaral\\\/\",\"url\":\"https:\\\/\\\/finart.art.br\\\/index.php\\\/2022\\\/08\\\/29\\\/uma-viagem-no-trem-caipira-de-tarsila-do-amaral\\\/\",\"name\":\"Uma viagem no trem caipira de Tarsila do Amaral - Finart\",\"isPartOf\":{\"@id\":\"https:\\\/\\\/finart.art.br\\\/#website\"},\"primaryImageOfPage\":{\"@id\":\"https:\\\/\\\/finart.art.br\\\/index.php\\\/2022\\\/08\\\/29\\\/uma-viagem-no-trem-caipira-de-tarsila-do-amaral\\\/#primaryimage\"},\"image\":{\"@id\":\"https:\\\/\\\/finart.art.br\\\/index.php\\\/2022\\\/08\\\/29\\\/uma-viagem-no-trem-caipira-de-tarsila-do-amaral\\\/#primaryimage\"},\"thumbnailUrl\":\"https:\\\/\\\/finart.art.br\\\/wp-content\\\/uploads\\\/2022\\\/08\\\/Post2Imagem1.png\",\"datePublished\":\"2022-08-29T03:51:58+00:00\",\"dateModified\":\"2022-09-08T10:47:24+00:00\",\"breadcrumb\":{\"@id\":\"https:\\\/\\\/finart.art.br\\\/index.php\\\/2022\\\/08\\\/29\\\/uma-viagem-no-trem-caipira-de-tarsila-do-amaral\\\/#breadcrumb\"},\"inLanguage\":\"pt-BR\",\"potentialAction\":[{\"@type\":\"ReadAction\",\"target\":[\"https:\\\/\\\/finart.art.br\\\/index.php\\\/2022\\\/08\\\/29\\\/uma-viagem-no-trem-caipira-de-tarsila-do-amaral\\\/\"]}]},{\"@type\":\"ImageObject\",\"inLanguage\":\"pt-BR\",\"@id\":\"https:\\\/\\\/finart.art.br\\\/index.php\\\/2022\\\/08\\\/29\\\/uma-viagem-no-trem-caipira-de-tarsila-do-amaral\\\/#primaryimage\",\"url\":\"https:\\\/\\\/finart.art.br\\\/wp-content\\\/uploads\\\/2022\\\/08\\\/Post2Imagem1.png\",\"contentUrl\":\"https:\\\/\\\/finart.art.br\\\/wp-content\\\/uploads\\\/2022\\\/08\\\/Post2Imagem1.png\",\"width\":1367,\"height\":1313},{\"@type\":\"BreadcrumbList\",\"@id\":\"https:\\\/\\\/finart.art.br\\\/index.php\\\/2022\\\/08\\\/29\\\/uma-viagem-no-trem-caipira-de-tarsila-do-amaral\\\/#breadcrumb\",\"itemListElement\":[{\"@type\":\"ListItem\",\"position\":1,\"name\":\"In\u00edcio\",\"item\":\"https:\\\/\\\/finart.art.br\\\/\"},{\"@type\":\"ListItem\",\"position\":2,\"name\":\"Uma viagem no trem caipira de Tarsila do Amaral\"}]},{\"@type\":\"WebSite\",\"@id\":\"https:\\\/\\\/finart.art.br\\\/#website\",\"url\":\"https:\\\/\\\/finart.art.br\\\/\",\"name\":\"Finart\",\"description\":\"Festival Internacional de Arte\",\"publisher\":{\"@id\":\"https:\\\/\\\/finart.art.br\\\/#organization\"},\"potentialAction\":[{\"@type\":\"SearchAction\",\"target\":{\"@type\":\"EntryPoint\",\"urlTemplate\":\"https:\\\/\\\/finart.art.br\\\/?s={search_term_string}\"},\"query-input\":{\"@type\":\"PropertyValueSpecification\",\"valueRequired\":true,\"valueName\":\"search_term_string\"}}],\"inLanguage\":\"pt-BR\"},{\"@type\":\"Organization\",\"@id\":\"https:\\\/\\\/finart.art.br\\\/#organization\",\"name\":\"Finart\",\"url\":\"https:\\\/\\\/finart.art.br\\\/\",\"logo\":{\"@type\":\"ImageObject\",\"inLanguage\":\"pt-BR\",\"@id\":\"https:\\\/\\\/finart.art.br\\\/#\\\/schema\\\/logo\\\/image\\\/\",\"url\":\"https:\\\/\\\/finart.art.br\\\/wp-content\\\/uploads\\\/2022\\\/09\\\/logo.png\",\"contentUrl\":\"https:\\\/\\\/finart.art.br\\\/wp-content\\\/uploads\\\/2022\\\/09\\\/logo.png\",\"width\":620,\"height\":344,\"caption\":\"Finart\"},\"image\":{\"@id\":\"https:\\\/\\\/finart.art.br\\\/#\\\/schema\\\/logo\\\/image\\\/\"},\"sameAs\":[\"https:\\\/\\\/www.facebook.com\\\/festivalartesgraficas\",\"https:\\\/\\\/www.instagram.com\\\/festivalinternacionaldearte\\\/\"]},{\"@type\":\"Person\",\"@id\":\"https:\\\/\\\/finart.art.br\\\/#\\\/schema\\\/person\\\/e25d846df6227f0c5eed5ae0b29a7531\",\"name\":\"Carola Trimano\",\"image\":{\"@type\":\"ImageObject\",\"inLanguage\":\"pt-BR\",\"@id\":\"https:\\\/\\\/secure.gravatar.com\\\/avatar\\\/4eca0e02a8761f75e9fd6eb7e418bfc2742023b865b9c2ac615beef7895a9bc1?s=96&d=mm&r=g\",\"url\":\"https:\\\/\\\/secure.gravatar.com\\\/avatar\\\/4eca0e02a8761f75e9fd6eb7e418bfc2742023b865b9c2ac615beef7895a9bc1?s=96&d=mm&r=g\",\"contentUrl\":\"https:\\\/\\\/secure.gravatar.com\\\/avatar\\\/4eca0e02a8761f75e9fd6eb7e418bfc2742023b865b9c2ac615beef7895a9bc1?s=96&d=mm&r=g\",\"caption\":\"Carola Trimano\"},\"url\":\"https:\\\/\\\/finart.art.br\\\/index.php\\\/author\\\/curadoriafinart-art-br\\\/\"}]}<\/script>\n<!-- \/ Yoast SEO plugin. -->","yoast_head_json":{"title":"Uma viagem no trem caipira de Tarsila do Amaral - Finart","robots":{"index":"index","follow":"follow","max-snippet":"max-snippet:-1","max-image-preview":"max-image-preview:large","max-video-preview":"max-video-preview:-1"},"canonical":"https:\/\/finart.art.br\/index.php\/2022\/08\/29\/uma-viagem-no-trem-caipira-de-tarsila-do-amaral\/","og_locale":"pt_BR","og_type":"article","og_title":"Uma viagem no trem caipira de Tarsila do Amaral - Finart","og_description":"&nbsp; \u201cTarsila \u00e9 um dos temperamentos mais fortes que os modernos revelaram pro Brasil(...)o que faz mesmo aquela brasileirice imanente nos quadros dela \u00e9 a pr\u00f3pria realidade pl\u00e1stica: um certo e muito bem aproveitado caipirismo de forma e de cor(...)\u201d M\u00e1rio de Andrade para a coluna \u201cArte\u201d do Di\u00e1rio Nacional, S\u00e3o Paulo, 21 dez 1927. [&hellip;]","og_url":"https:\/\/finart.art.br\/index.php\/2022\/08\/29\/uma-viagem-no-trem-caipira-de-tarsila-do-amaral\/","og_site_name":"Finart","article_publisher":"https:\/\/www.facebook.com\/festivalartesgraficas","article_published_time":"2022-08-29T03:51:58+00:00","article_modified_time":"2022-09-08T10:47:24+00:00","og_image":[{"width":1367,"height":1313,"url":"https:\/\/finart.art.br\/wp-content\/uploads\/2022\/08\/Post2Imagem1.png","type":"image\/png"}],"author":"Carola Trimano","twitter_card":"summary_large_image","twitter_misc":{"Escrito por":"Carola Trimano","Est. tempo de leitura":"4 minutos"},"schema":{"@context":"https:\/\/schema.org","@graph":[{"@type":"Article","@id":"https:\/\/finart.art.br\/index.php\/2022\/08\/29\/uma-viagem-no-trem-caipira-de-tarsila-do-amaral\/#article","isPartOf":{"@id":"https:\/\/finart.art.br\/index.php\/2022\/08\/29\/uma-viagem-no-trem-caipira-de-tarsila-do-amaral\/"},"author":{"name":"Carola Trimano","@id":"https:\/\/finart.art.br\/#\/schema\/person\/e25d846df6227f0c5eed5ae0b29a7531"},"headline":"Uma viagem no trem caipira de Tarsila do Amaral","datePublished":"2022-08-29T03:51:58+00:00","dateModified":"2022-09-08T10:47:24+00:00","mainEntityOfPage":{"@id":"https:\/\/finart.art.br\/index.php\/2022\/08\/29\/uma-viagem-no-trem-caipira-de-tarsila-do-amaral\/"},"wordCount":712,"commentCount":0,"publisher":{"@id":"https:\/\/finart.art.br\/#organization"},"image":{"@id":"https:\/\/finart.art.br\/index.php\/2022\/08\/29\/uma-viagem-no-trem-caipira-de-tarsila-do-amaral\/#primaryimage"},"thumbnailUrl":"https:\/\/finart.art.br\/wp-content\/uploads\/2022\/08\/Post2Imagem1.png","articleSection":["Atualidades"],"inLanguage":"pt-BR","potentialAction":[{"@type":"CommentAction","name":"Comment","target":["https:\/\/finart.art.br\/index.php\/2022\/08\/29\/uma-viagem-no-trem-caipira-de-tarsila-do-amaral\/#respond"]}]},{"@type":"WebPage","@id":"https:\/\/finart.art.br\/index.php\/2022\/08\/29\/uma-viagem-no-trem-caipira-de-tarsila-do-amaral\/","url":"https:\/\/finart.art.br\/index.php\/2022\/08\/29\/uma-viagem-no-trem-caipira-de-tarsila-do-amaral\/","name":"Uma viagem no trem caipira de Tarsila do Amaral - Finart","isPartOf":{"@id":"https:\/\/finart.art.br\/#website"},"primaryImageOfPage":{"@id":"https:\/\/finart.art.br\/index.php\/2022\/08\/29\/uma-viagem-no-trem-caipira-de-tarsila-do-amaral\/#primaryimage"},"image":{"@id":"https:\/\/finart.art.br\/index.php\/2022\/08\/29\/uma-viagem-no-trem-caipira-de-tarsila-do-amaral\/#primaryimage"},"thumbnailUrl":"https:\/\/finart.art.br\/wp-content\/uploads\/2022\/08\/Post2Imagem1.png","datePublished":"2022-08-29T03:51:58+00:00","dateModified":"2022-09-08T10:47:24+00:00","breadcrumb":{"@id":"https:\/\/finart.art.br\/index.php\/2022\/08\/29\/uma-viagem-no-trem-caipira-de-tarsila-do-amaral\/#breadcrumb"},"inLanguage":"pt-BR","potentialAction":[{"@type":"ReadAction","target":["https:\/\/finart.art.br\/index.php\/2022\/08\/29\/uma-viagem-no-trem-caipira-de-tarsila-do-amaral\/"]}]},{"@type":"ImageObject","inLanguage":"pt-BR","@id":"https:\/\/finart.art.br\/index.php\/2022\/08\/29\/uma-viagem-no-trem-caipira-de-tarsila-do-amaral\/#primaryimage","url":"https:\/\/finart.art.br\/wp-content\/uploads\/2022\/08\/Post2Imagem1.png","contentUrl":"https:\/\/finart.art.br\/wp-content\/uploads\/2022\/08\/Post2Imagem1.png","width":1367,"height":1313},{"@type":"BreadcrumbList","@id":"https:\/\/finart.art.br\/index.php\/2022\/08\/29\/uma-viagem-no-trem-caipira-de-tarsila-do-amaral\/#breadcrumb","itemListElement":[{"@type":"ListItem","position":1,"name":"In\u00edcio","item":"https:\/\/finart.art.br\/"},{"@type":"ListItem","position":2,"name":"Uma viagem no trem caipira de Tarsila do Amaral"}]},{"@type":"WebSite","@id":"https:\/\/finart.art.br\/#website","url":"https:\/\/finart.art.br\/","name":"Finart","description":"Festival Internacional de Arte","publisher":{"@id":"https:\/\/finart.art.br\/#organization"},"potentialAction":[{"@type":"SearchAction","target":{"@type":"EntryPoint","urlTemplate":"https:\/\/finart.art.br\/?s={search_term_string}"},"query-input":{"@type":"PropertyValueSpecification","valueRequired":true,"valueName":"search_term_string"}}],"inLanguage":"pt-BR"},{"@type":"Organization","@id":"https:\/\/finart.art.br\/#organization","name":"Finart","url":"https:\/\/finart.art.br\/","logo":{"@type":"ImageObject","inLanguage":"pt-BR","@id":"https:\/\/finart.art.br\/#\/schema\/logo\/image\/","url":"https:\/\/finart.art.br\/wp-content\/uploads\/2022\/09\/logo.png","contentUrl":"https:\/\/finart.art.br\/wp-content\/uploads\/2022\/09\/logo.png","width":620,"height":344,"caption":"Finart"},"image":{"@id":"https:\/\/finart.art.br\/#\/schema\/logo\/image\/"},"sameAs":["https:\/\/www.facebook.com\/festivalartesgraficas","https:\/\/www.instagram.com\/festivalinternacionaldearte\/"]},{"@type":"Person","@id":"https:\/\/finart.art.br\/#\/schema\/person\/e25d846df6227f0c5eed5ae0b29a7531","name":"Carola Trimano","image":{"@type":"ImageObject","inLanguage":"pt-BR","@id":"https:\/\/secure.gravatar.com\/avatar\/4eca0e02a8761f75e9fd6eb7e418bfc2742023b865b9c2ac615beef7895a9bc1?s=96&d=mm&r=g","url":"https:\/\/secure.gravatar.com\/avatar\/4eca0e02a8761f75e9fd6eb7e418bfc2742023b865b9c2ac615beef7895a9bc1?s=96&d=mm&r=g","contentUrl":"https:\/\/secure.gravatar.com\/avatar\/4eca0e02a8761f75e9fd6eb7e418bfc2742023b865b9c2ac615beef7895a9bc1?s=96&d=mm&r=g","caption":"Carola Trimano"},"url":"https:\/\/finart.art.br\/index.php\/author\/curadoriafinart-art-br\/"}]}},"_links":{"self":[{"href":"https:\/\/finart.art.br\/index.php\/wp-json\/wp\/v2\/posts\/942","targetHints":{"allow":["GET"]}}],"collection":[{"href":"https:\/\/finart.art.br\/index.php\/wp-json\/wp\/v2\/posts"}],"about":[{"href":"https:\/\/finart.art.br\/index.php\/wp-json\/wp\/v2\/types\/post"}],"author":[{"embeddable":true,"href":"https:\/\/finart.art.br\/index.php\/wp-json\/wp\/v2\/users\/4"}],"replies":[{"embeddable":true,"href":"https:\/\/finart.art.br\/index.php\/wp-json\/wp\/v2\/comments?post=942"}],"version-history":[{"count":4,"href":"https:\/\/finart.art.br\/index.php\/wp-json\/wp\/v2\/posts\/942\/revisions"}],"predecessor-version":[{"id":951,"href":"https:\/\/finart.art.br\/index.php\/wp-json\/wp\/v2\/posts\/942\/revisions\/951"}],"wp:featuredmedia":[{"embeddable":true,"href":"https:\/\/finart.art.br\/index.php\/wp-json\/wp\/v2\/media\/943"}],"wp:attachment":[{"href":"https:\/\/finart.art.br\/index.php\/wp-json\/wp\/v2\/media?parent=942"}],"wp:term":[{"taxonomy":"category","embeddable":true,"href":"https:\/\/finart.art.br\/index.php\/wp-json\/wp\/v2\/categories?post=942"},{"taxonomy":"post_tag","embeddable":true,"href":"https:\/\/finart.art.br\/index.php\/wp-json\/wp\/v2\/tags?post=942"}],"curies":[{"name":"wp","href":"https:\/\/api.w.org\/{rel}","templated":true}]}}